{"id":7514,"date":"2023-10-08T10:33:45","date_gmt":"2023-10-08T08:33:45","guid":{"rendered":"https:\/\/kulturforum-tuerkei.ferit.org\/?p=7514"},"modified":"2023-09-26T12:54:33","modified_gmt":"2023-09-26T10:54:33","slug":"08-10-2023-rehberli-liman-muezesi-turu","status":"publish","type":"post","link":"https:\/\/kulturforum-tuerkei.com\/?p=7514&lang=tr","title":{"rendered":"08.10.2023 \u2013 REHBERL\u0130 L\u0130MAN M\u00dcZES\u0130 TURU"},"content":{"rendered":"\t\t<div data-elementor-type=\"wp-post\" data-elementor-id=\"7514\" class=\"elementor elementor-7514\" data-elementor-post-type=\"post\">\n\t\t\t\t\t\t<section class=\"elementor-section elementor-top-section elementor-element elementor-element-f4f4fea elementor-section-boxed elementor-section-height-default elementor-section-height-default\" data-id=\"f4f4fea\" data-element_type=\"section\">\n\t\t\t\t\t\t<div class=\"elementor-container elementor-column-gap-default\">\n\t\t\t\t\t<div class=\"elementor-column elementor-col-100 elementor-top-column elementor-element elementor-element-d7e743b\" data-id=\"d7e743b\" data-element_type=\"column\">\n\t\t\t<div class=\"elementor-widget-wrap elementor-element-populated\">\n\t\t\t\t\t\t<div class=\"elementor-element elementor-element-7d3f33f elementor-widget elementor-widget-text-editor\" data-id=\"7d3f33f\" data-element_type=\"widget\" data-widget_type=\"text-editor.default\">\n\t\t\t\t<div class=\"elementor-widget-container\">\n\t\t\t\t\t\t\t<p>\n\t\t\t\t<!--[CDATA[<!--:de----><\/p>\n<p><\/p>\n<p><!-- wp:heading {\"level\":4} --><\/p>\n<h4 id=\"mce_19\"><span style=\"color: inherit; font-family: inherit; font-size: 1.5rem;\">K\u00dcLT\u00dcRALE 2023 kapsam\u0131nda<\/span><br><\/h4>\n<p><!-- \/wp:heading --><\/p>\n<p><!-- wp:paragraph --><\/p>\n<p>Aileler i\u00e7in de uygun olan bu rehberli liman m\u00fczesi turu, k\u00fcresel ticaret ak\u0131\u015flar\u0131ndan \u00e7ok, Bremen limanlar\u0131nda \u00e7al\u0131\u015fm\u0131\u015f ve b\u00f6ylece ya\u015fam yerleri Bremen olmu\u015f olan farkl\u0131 \u00fclkelerden insanlar hakk\u0131ndad\u0131r.<\/p>\n<p><!-- \/wp:paragraph --><\/p>\n<p><!-- wp:paragraph --><\/p>\n<p>\u0130lk Bremen liman havzas\u0131n\u0131n in\u015fas\u0131ndan g\u00fcn\u00fcm\u00fcze farkl\u0131 milletlerden insanlar liman\u0131n ve buradaki ekonominin g\u00fc\u00e7lenmesine katk\u0131da bulunmu\u015ftur.<\/p>\n<p><!-- \/wp:paragraph --><\/p>\n<p><!-- wp:paragraph --><\/p>\n<p>May\u0131s 2017&#8217;den bu yana bu insanlar\u0131n an\u0131lar\u0131 bir\u00e7ok orijinal belge \u00fczerinden liman m\u00fczesinin kal\u0131c\u0131 sergisinin bir par\u00e7as\u0131 olmu\u015ftur.<\/p>\n<p><!-- \/wp:paragraph --><\/p>\n<p><!-- wp:paragraph --><\/p>\n<p>\u015eehirlerinin limanlar\u0131n\u0131n tarihini yeni bir g\u00f6zle g\u00f6rmek isteyen misafirlerimizi bekliyoruz.<\/p>\n<p><!-- \/wp:paragraph --><\/p>\n<p><!-- wp:paragraph --><\/p>\n<p><strong>Tarih:<\/strong><br>8.10.2023 Pazar saat 15.00 \u2013 16.00 aras\u0131<br>S\u00fcre: 60 dakika<\/p>\n<p><!-- \/wp:paragraph --><\/p>\n<p><!-- wp:paragraph --><\/p>\n<p><strong>Yer:<\/strong><br>Hafenmuseum Bremen<br>Am Speicher XI 1<br>28217 Bremen<\/p>\n<p><!-- \/wp:paragraph --><\/p>\n<p><!-- wp:paragraph --><\/p>\n<p><strong>Giri\u015f \u00fccreti:<\/strong><br>\u20ac5 \/ indirimli \u20ac3,50<\/p>\n<p><!-- \/wp:paragraph --><\/p>\n<p><!-- wp:paragraph --><\/p>\n<p><strong>18 ya\u015f\u0131ndan k\u00fc\u00e7\u00fck \u00e7ocuklar ve gen\u00e7ler \u00fccretsiz<\/strong><\/p>\n<p><!-- \/wp:paragraph --><\/p>\n<p><!-- wp:paragraph --><\/p>\n<p><strong>Kay\u0131t:<\/strong><br>Telefon: 0421-303 82 79 veya <a href=\"mailto:kontakt@kulturforum-tuerkei.ferit.org?subject=F%C3%BChrung%20Hafenmuseum%20K%C3%9CLT%C3%9CRALE%202023\">kontakt@kulturforum-tuerkei.ferit.org<\/a><\/p>\n<p><!-- \/wp:paragraph --><\/p>\n<p><!-- wp:image {\"id\":6862,\"width\":150,\"height\":105,\"linkDestination\":\"custom\"} --><\/p>\n<figure class=\"wp-block-image is-resized\"><a href=\"https:\/\/hafenmuseum-bremen.de\/\" target=\"_blank\" rel=\"noreferrer noopener\"><img decoding=\"async\" src=\"https:\/\/kulturforum-tuerkei.com\/wp-content\/uploads\/2023\/08\/hafenmuseum-logo-1-300x209.jpg\" alt=\"\" class=\"wp-image-6862\" width=\"150\" height=\"105\" srcset=\"https:\/\/kulturforum-tuerkei.com\/wp-content\/uploads\/2023\/08\/hafenmuseum-logo-1-300x209.jpg 300w, https:\/\/kulturforum-tuerkei.com\/wp-content\/uploads\/2023\/08\/hafenmuseum-logo-1-1024x713.jpg 1024w, https:\/\/kulturforum-tuerkei.com\/wp-content\/uploads\/2023\/08\/hafenmuseum-logo-1-768x535.jpg 768w, https:\/\/kulturforum-tuerkei.com\/wp-content\/uploads\/2023\/08\/hafenmuseum-logo-1-1536x1069.jpg 1536w, https:\/\/kulturforum-tuerkei.com\/wp-content\/uploads\/2023\/08\/hafenmuseum-logo-1-2048x1425.jpg 2048w\" sizes=\"(max-width: 150px) 100vw, 150px\" \/><\/a><\/figure>\t\t\t\t\t\t<\/div>\n\t\t\t\t<\/div>\n\t\t\t\t\t<\/div>\n\t\t<\/div>\n\t\t\t\t\t<\/div>\n\t\t<\/section>\n\t\t\t\t<\/div>\n\t\t","protected":false},"excerpt":{"rendered":"<p>K\u00dcLT\u00dcRALE 2023 kapsam\u0131nda Aileler i\u00e7in de uygun olan bu rehberli liman m\u00fczesi turu, k\u00fcresel ticaret ak\u0131\u015flar\u0131ndan \u00e7ok, Bremen limanlar\u0131nda \u00e7al\u0131\u015fm\u0131\u015f ve b\u00f6ylece ya\u015fam yerleri Bremen olmu\u015f olan farkl\u0131 \u00fclkelerden insanlar hakk\u0131ndad\u0131r. \u0130lk Bremen liman havzas\u0131n\u0131n in\u015fas\u0131ndan g\u00fcn\u00fcm\u00fcze farkl\u0131 milletlerden insanlar liman\u0131n ve buradaki ekonominin g\u00fc\u00e7lenmesine katk\u0131da bulunmu\u015ftur. May\u0131s 2017&#8217;den bu yana bu insanlar\u0131n an\u0131lar\u0131 bir\u00e7ok [&hellip;]<\/p>\n","protected":false},"author":2,"featured_media":9431,"comment_status":"open","ping_status":"closed","sticky":false,"template":"","format":"standard","meta":{"footnotes":""},"categories":[82],"tags":[],"class_list":["post-7514","post","type-post","status-publish","format-standard","has-post-thumbnail","hentry","category-kueltuerale-2023-tr"],"yoast_head":"<!-- This site is optimized with the Yoast SEO plugin v21.2 - https:\/\/yoast.com\/wordpress\/plugins\/seo\/ -->\n<title>08.10.2023 \u2013 REHBERL\u0130 L\u0130MAN M\u00dcZES\u0130 TURU - Kulturforum T\u00fcrkei<\/title>\n<meta name=\"robots\" content=\"index, follow, max-snippet:-1, max-image-preview:large, max-video-preview:-1\" \/>\n<link rel=\"canonical\" href=\"https:\/\/kulturforum-tuerkei.com\/?p=7514&lang=tr\" \/>\n<meta property=\"og:locale\" content=\"de_DE\" \/>\n<meta property=\"og:type\" content=\"article\" \/>\n<meta property=\"og:title\" content=\"08.10.2023 \u2013 REHBERL\u0130 L\u0130MAN M\u00dcZES\u0130 TURU - Kulturforum T\u00fcrkei\" \/>\n<meta property=\"og:description\" content=\"K\u00dcLT\u00dcRALE 2023 kapsam\u0131nda Aileler i\u00e7in de uygun olan bu rehberli liman m\u00fczesi turu, k\u00fcresel ticaret ak\u0131\u015flar\u0131ndan \u00e7ok, Bremen limanlar\u0131nda \u00e7al\u0131\u015fm\u0131\u015f ve b\u00f6ylece ya\u015fam yerleri Bremen olmu\u015f olan farkl\u0131 \u00fclkelerden insanlar hakk\u0131ndad\u0131r. \u0130lk Bremen liman havzas\u0131n\u0131n in\u015fas\u0131ndan g\u00fcn\u00fcm\u00fcze farkl\u0131 milletlerden insanlar liman\u0131n ve buradaki ekonominin g\u00fc\u00e7lenmesine katk\u0131da bulunmu\u015ftur. May\u0131s 2017&#8217;den bu yana bu insanlar\u0131n an\u0131lar\u0131 bir\u00e7ok [&hellip;]\" \/>\n<meta property=\"og:url\" content=\"https:\/\/kulturforum-tuerkei.com\/?p=7514&amp;lang=tr\" \/>\n<meta property=\"og:site_name\" content=\"Kulturforum T\u00fcrkei\" \/>\n<meta property=\"article:publisher\" content=\"https:\/\/www.facebook.com\/kulturforumtuerkei\/\" \/>\n<meta property=\"article:published_time\" content=\"2023-10-08T08:33:45+00:00\" \/>\n<meta property=\"article:modified_time\" content=\"2023-09-26T10:54:33+00:00\" \/>\n<meta property=\"og:image\" content=\"https:\/\/kulturforum-tuerkei.com\/wp-content\/uploads\/2024\/12\/Hafenmuseum-scaled-7.jpg\" \/>\n\t<meta property=\"og:image:width\" content=\"2560\" \/>\n\t<meta property=\"og:image:height\" content=\"1684\" \/>\n\t<meta property=\"og:image:type\" content=\"image\/jpeg\" \/>\n<meta name=\"author\" content=\"Planetmutlu GmbH&amp;CoKG\" \/>\n<meta name=\"twitter:card\" content=\"summary_large_image\" \/>\n<meta name=\"twitter:label1\" content=\"Verfasst von\" \/>\n\t<meta name=\"twitter:data1\" content=\"Planetmutlu GmbH&amp;CoKG\" \/>\n\t<meta name=\"twitter:label2\" content=\"Gesch\u00e4tzte Lesezeit\" \/>\n\t<meta name=\"twitter:data2\" content=\"1\u00a0Minute\" \/>\n<script type=\"application\/ld+json\" class=\"yoast-schema-graph\">{\"@context\":\"https:\/\/schema.org\",\"@graph\":[{\"@type\":\"Article\",\"@id\":\"https:\/\/kulturforum-tuerkei.com\/?p=7514&lang=tr#article\",\"isPartOf\":{\"@id\":\"https:\/\/kulturforum-tuerkei.com\/?p=7514&lang=tr\"},\"author\":{\"name\":\"Planetmutlu GmbH&amp;CoKG\",\"@id\":\"https:\/\/kulturforum-tuerkei.com\/#\/schema\/person\/41944004f8f6ecc353afa3c316c55561\"},\"headline\":\"08.10.2023 \u2013 REHBERL\u0130 L\u0130MAN M\u00dcZES\u0130 TURU\",\"datePublished\":\"2023-10-08T08:33:45+00:00\",\"dateModified\":\"2023-09-26T10:54:33+00:00\",\"mainEntityOfPage\":{\"@id\":\"https:\/\/kulturforum-tuerkei.com\/?p=7514&lang=tr\"},\"wordCount\":151,\"commentCount\":0,\"publisher\":{\"@id\":\"https:\/\/kulturforum-tuerkei.com\/#organization\"},\"articleSection\":[\"K\u00dcLT\u00dcRALE 2023\"],\"inLanguage\":\"de\",\"potentialAction\":[{\"@type\":\"CommentAction\",\"name\":\"Comment\",\"target\":[\"https:\/\/kulturforum-tuerkei.com\/?p=7514&lang=tr#respond\"]}]},{\"@type\":\"WebPage\",\"@id\":\"https:\/\/kulturforum-tuerkei.com\/?p=7514&lang=tr\",\"url\":\"https:\/\/kulturforum-tuerkei.com\/?p=7514&lang=tr\",\"name\":\"08.10.2023 \u2013 REHBERL\u0130 L\u0130MAN M\u00dcZES\u0130 TURU - Kulturforum T\u00fcrkei\",\"isPartOf\":{\"@id\":\"https:\/\/kulturforum-tuerkei.com\/#website\"},\"datePublished\":\"2023-10-08T08:33:45+00:00\",\"dateModified\":\"2023-09-26T10:54:33+00:00\",\"breadcrumb\":{\"@id\":\"https:\/\/kulturforum-tuerkei.com\/?p=7514&lang=tr#breadcrumb\"},\"inLanguage\":\"de\",\"potentialAction\":[{\"@type\":\"ReadAction\",\"target\":[\"https:\/\/kulturforum-tuerkei.com\/?p=7514&lang=tr\"]}]},{\"@type\":\"BreadcrumbList\",\"@id\":\"https:\/\/kulturforum-tuerkei.com\/?p=7514&lang=tr#breadcrumb\",\"itemListElement\":[{\"@type\":\"ListItem\",\"position\":1,\"name\":\"Home\",\"item\":\"https:\/\/kulturforum-tuerkei.com\/\"},{\"@type\":\"ListItem\",\"position\":2,\"name\":\"08.10.2023 \u2013 REHBERL\u0130 L\u0130MAN M\u00dcZES\u0130 TURU\"}]},{\"@type\":\"WebSite\",\"@id\":\"https:\/\/kulturforum-tuerkei.com\/#website\",\"url\":\"https:\/\/kulturforum-tuerkei.com\/\",\"name\":\"Kulturforum T\u00fcrkei\",\"description\":\"\",\"publisher\":{\"@id\":\"https:\/\/kulturforum-tuerkei.com\/#organization\"},\"potentialAction\":[{\"@type\":\"SearchAction\",\"target\":{\"@type\":\"EntryPoint\",\"urlTemplate\":\"https:\/\/kulturforum-tuerkei.com\/?s={search_term_string}\"},\"query-input\":\"required name=search_term_string\"}],\"inLanguage\":\"de\"},{\"@type\":\"Organization\",\"@id\":\"https:\/\/kulturforum-tuerkei.com\/#organization\",\"name\":\"Kulturforum T\u00fcrkei\",\"url\":\"https:\/\/kulturforum-tuerkei.com\/\",\"logo\":{\"@type\":\"ImageObject\",\"inLanguage\":\"de\",\"@id\":\"https:\/\/kulturforum-tuerkei.com\/#\/schema\/logo\/image\/\",\"url\":\"https:\/\/kulturforum-tuerkei.com\/wp-content\/uploads\/2023\/09\/logo-retina.png\",\"contentUrl\":\"https:\/\/kulturforum-tuerkei.com\/wp-content\/uploads\/2023\/09\/logo-retina.png\",\"width\":154,\"height\":80,\"caption\":\"Kulturforum T\u00fcrkei\"},\"image\":{\"@id\":\"https:\/\/kulturforum-tuerkei.com\/#\/schema\/logo\/image\/\"},\"sameAs\":[\"https:\/\/www.facebook.com\/kulturforumtuerkei\/\"]},{\"@type\":\"Person\",\"@id\":\"https:\/\/kulturforum-tuerkei.com\/#\/schema\/person\/41944004f8f6ecc353afa3c316c55561\",\"name\":\"Planetmutlu GmbH&amp;CoKG\",\"image\":{\"@type\":\"ImageObject\",\"inLanguage\":\"de\",\"@id\":\"https:\/\/kulturforum-tuerkei.com\/#\/schema\/person\/image\/\",\"url\":\"https:\/\/secure.gravatar.com\/avatar\/45d3969d00538d05abeb8bdb6a79b153cfb66a4022e7f9fedd28b14cf82a2e2e?s=96&d=mm&r=g\",\"contentUrl\":\"https:\/\/secure.gravatar.com\/avatar\/45d3969d00538d05abeb8bdb6a79b153cfb66a4022e7f9fedd28b14cf82a2e2e?s=96&d=mm&r=g\",\"caption\":\"Planetmutlu GmbH&amp;CoKG\"},\"sameAs\":[\"https:\/\/planetmutlu.com\"],\"url\":\"https:\/\/kulturforum-tuerkei.com\/?author=2\"}]}<\/script>\n<!-- \/ Yoast SEO plugin. -->","yoast_head_json":{"title":"08.10.2023 \u2013 REHBERL\u0130 L\u0130MAN M\u00dcZES\u0130 TURU - Kulturforum T\u00fcrkei","robots":{"index":"index","follow":"follow","max-snippet":"max-snippet:-1","max-image-preview":"max-image-preview:large","max-video-preview":"max-video-preview:-1"},"canonical":"https:\/\/kulturforum-tuerkei.com\/?p=7514&lang=tr","og_locale":"de_DE","og_type":"article","og_title":"08.10.2023 \u2013 REHBERL\u0130 L\u0130MAN M\u00dcZES\u0130 TURU - Kulturforum T\u00fcrkei","og_description":"K\u00dcLT\u00dcRALE 2023 kapsam\u0131nda Aileler i\u00e7in de uygun olan bu rehberli liman m\u00fczesi turu, k\u00fcresel ticaret ak\u0131\u015flar\u0131ndan \u00e7ok, Bremen limanlar\u0131nda \u00e7al\u0131\u015fm\u0131\u015f ve b\u00f6ylece ya\u015fam yerleri Bremen olmu\u015f olan farkl\u0131 \u00fclkelerden insanlar hakk\u0131ndad\u0131r. \u0130lk Bremen liman havzas\u0131n\u0131n in\u015fas\u0131ndan g\u00fcn\u00fcm\u00fcze farkl\u0131 milletlerden insanlar liman\u0131n ve buradaki ekonominin g\u00fc\u00e7lenmesine katk\u0131da bulunmu\u015ftur. May\u0131s 2017&#8217;den bu yana bu insanlar\u0131n an\u0131lar\u0131 bir\u00e7ok [&hellip;]","og_url":"https:\/\/kulturforum-tuerkei.com\/?p=7514&lang=tr","og_site_name":"Kulturforum T\u00fcrkei","article_publisher":"https:\/\/www.facebook.com\/kulturforumtuerkei\/","article_published_time":"2023-10-08T08:33:45+00:00","article_modified_time":"2023-09-26T10:54:33+00:00","og_image":[{"width":2560,"height":1684,"url":"https:\/\/kulturforum-tuerkei.com\/wp-content\/uploads\/2024\/12\/Hafenmuseum-scaled-7.jpg","type":"image\/jpeg"}],"author":"Planetmutlu GmbH&amp;CoKG","twitter_card":"summary_large_image","twitter_misc":{"Verfasst von":"Planetmutlu GmbH&amp;CoKG","Gesch\u00e4tzte Lesezeit":"1\u00a0Minute"},"schema":{"@context":"https:\/\/schema.org","@graph":[{"@type":"Article","@id":"https:\/\/kulturforum-tuerkei.com\/?p=7514&lang=tr#article","isPartOf":{"@id":"https:\/\/kulturforum-tuerkei.com\/?p=7514&lang=tr"},"author":{"name":"Planetmutlu GmbH&amp;CoKG","@id":"https:\/\/kulturforum-tuerkei.com\/#\/schema\/person\/41944004f8f6ecc353afa3c316c55561"},"headline":"08.10.2023 \u2013 REHBERL\u0130 L\u0130MAN M\u00dcZES\u0130 TURU","datePublished":"2023-10-08T08:33:45+00:00","dateModified":"2023-09-26T10:54:33+00:00","mainEntityOfPage":{"@id":"https:\/\/kulturforum-tuerkei.com\/?p=7514&lang=tr"},"wordCount":151,"commentCount":0,"publisher":{"@id":"https:\/\/kulturforum-tuerkei.com\/#organization"},"articleSection":["K\u00dcLT\u00dcRALE 2023"],"inLanguage":"de","potentialAction":[{"@type":"CommentAction","name":"Comment","target":["https:\/\/kulturforum-tuerkei.com\/?p=7514&lang=tr#respond"]}]},{"@type":"WebPage","@id":"https:\/\/kulturforum-tuerkei.com\/?p=7514&lang=tr","url":"https:\/\/kulturforum-tuerkei.com\/?p=7514&lang=tr","name":"08.10.2023 \u2013 REHBERL\u0130 L\u0130MAN M\u00dcZES\u0130 TURU - Kulturforum T\u00fcrkei","isPartOf":{"@id":"https:\/\/kulturforum-tuerkei.com\/#website"},"datePublished":"2023-10-08T08:33:45+00:00","dateModified":"2023-09-26T10:54:33+00:00","breadcrumb":{"@id":"https:\/\/kulturforum-tuerkei.com\/?p=7514&lang=tr#breadcrumb"},"inLanguage":"de","potentialAction":[{"@type":"ReadAction","target":["https:\/\/kulturforum-tuerkei.com\/?p=7514&lang=tr"]}]},{"@type":"BreadcrumbList","@id":"https:\/\/kulturforum-tuerkei.com\/?p=7514&lang=tr#breadcrumb","itemListElement":[{"@type":"ListItem","position":1,"name":"Home","item":"https:\/\/kulturforum-tuerkei.com\/"},{"@type":"ListItem","position":2,"name":"08.10.2023 \u2013 REHBERL\u0130 L\u0130MAN M\u00dcZES\u0130 TURU"}]},{"@type":"WebSite","@id":"https:\/\/kulturforum-tuerkei.com\/#website","url":"https:\/\/kulturforum-tuerkei.com\/","name":"Kulturforum T\u00fcrkei","description":"","publisher":{"@id":"https:\/\/kulturforum-tuerkei.com\/#organization"},"potentialAction":[{"@type":"SearchAction","target":{"@type":"EntryPoint","urlTemplate":"https:\/\/kulturforum-tuerkei.com\/?s={search_term_string}"},"query-input":"required name=search_term_string"}],"inLanguage":"de"},{"@type":"Organization","@id":"https:\/\/kulturforum-tuerkei.com\/#organization","name":"Kulturforum T\u00fcrkei","url":"https:\/\/kulturforum-tuerkei.com\/","logo":{"@type":"ImageObject","inLanguage":"de","@id":"https:\/\/kulturforum-tuerkei.com\/#\/schema\/logo\/image\/","url":"https:\/\/kulturforum-tuerkei.com\/wp-content\/uploads\/2023\/09\/logo-retina.png","contentUrl":"https:\/\/kulturforum-tuerkei.com\/wp-content\/uploads\/2023\/09\/logo-retina.png","width":154,"height":80,"caption":"Kulturforum T\u00fcrkei"},"image":{"@id":"https:\/\/kulturforum-tuerkei.com\/#\/schema\/logo\/image\/"},"sameAs":["https:\/\/www.facebook.com\/kulturforumtuerkei\/"]},{"@type":"Person","@id":"https:\/\/kulturforum-tuerkei.com\/#\/schema\/person\/41944004f8f6ecc353afa3c316c55561","name":"Planetmutlu GmbH&amp;CoKG","image":{"@type":"ImageObject","inLanguage":"de","@id":"https:\/\/kulturforum-tuerkei.com\/#\/schema\/person\/image\/","url":"https:\/\/secure.gravatar.com\/avatar\/45d3969d00538d05abeb8bdb6a79b153cfb66a4022e7f9fedd28b14cf82a2e2e?s=96&d=mm&r=g","contentUrl":"https:\/\/secure.gravatar.com\/avatar\/45d3969d00538d05abeb8bdb6a79b153cfb66a4022e7f9fedd28b14cf82a2e2e?s=96&d=mm&r=g","caption":"Planetmutlu GmbH&amp;CoKG"},"sameAs":["https:\/\/planetmutlu.com"],"url":"https:\/\/kulturforum-tuerkei.com\/?author=2"}]}},"_links":{"self":[{"href":"https:\/\/kulturforum-tuerkei.com\/index.php?rest_route=\/wp\/v2\/posts\/7514","targetHints":{"allow":["GET"]}}],"collection":[{"href":"https:\/\/kulturforum-tuerkei.com\/index.php?rest_route=\/wp\/v2\/posts"}],"about":[{"href":"https:\/\/kulturforum-tuerkei.com\/index.php?rest_route=\/wp\/v2\/types\/post"}],"author":[{"embeddable":true,"href":"https:\/\/kulturforum-tuerkei.com\/index.php?rest_route=\/wp\/v2\/users\/2"}],"replies":[{"embeddable":true,"href":"https:\/\/kulturforum-tuerkei.com\/index.php?rest_route=%2Fwp%2Fv2%2Fcomments&post=7514"}],"version-history":[{"count":4,"href":"https:\/\/kulturforum-tuerkei.com\/index.php?rest_route=\/wp\/v2\/posts\/7514\/revisions"}],"predecessor-version":[{"id":7518,"href":"https:\/\/kulturforum-tuerkei.com\/index.php?rest_route=\/wp\/v2\/posts\/7514\/revisions\/7518"}],"wp:featuredmedia":[{"embeddable":true,"href":"https:\/\/kulturforum-tuerkei.com\/index.php?rest_route=\/wp\/v2\/media\/9431"}],"wp:attachment":[{"href":"https:\/\/kulturforum-tuerkei.com\/index.php?rest_route=%2Fwp%2Fv2%2Fmedia&parent=7514"}],"wp:term":[{"taxonomy":"category","embeddable":true,"href":"https:\/\/kulturforum-tuerkei.com\/index.php?rest_route=%2Fwp%2Fv2%2Fcategories&post=7514"},{"taxonomy":"post_tag","embeddable":true,"href":"https:\/\/kulturforum-tuerkei.com\/index.php?rest_route=%2Fwp%2Fv2%2Ftags&post=7514"}],"curies":[{"name":"wp","href":"https:\/\/api.w.org\/{rel}","templated":true}]}}